{"id":386,"date":"2011-11-14T13:46:15","date_gmt":"2011-11-14T11:46:15","guid":{"rendered":"http:\/\/www.culos-jeans.com\/jeans\/?p=386"},"modified":"2011-11-17T14:12:07","modified_gmt":"2011-11-17T12:12:07","slug":"culazo-de-colombiana-en-jeans","status":"publish","type":"post","link":"https:\/\/www.culos-jeans.com\/jeans\/2011\/11\/14\/culazo-de-colombiana-en-jeans\/","title":{"rendered":"Culazo de colombiana"},"content":{"rendered":"<p>Dicen que en latinoam\u00e9rica tienen otra forma de ver las cosas, de relacionarse, de salir de fiesta&#8230;Todo lo que sea desmadre es bienvenido. Puede que por eso las latinas sean m\u00e1s liberales que chicas de otros pa\u00edses m\u00e1s fr\u00edos (pero ojo, que tambien hay muchas perlas). <\/p>\n<p><iframe loading=\"lazy\" width=\"420\" height=\"315\" src=\"http:\/\/www.youtube.com\/embed\/GZdEJLXdv5g\" frameborder=\"0\" allowfullscreen><\/iframe><\/p>\n","protected":false},"excerpt":{"rendered":"<p>Dicen que en latinoam\u00e9rica tienen otra forma de ver las cosas, de relacionarse, de salir de fiesta&#8230;Todo lo que sea desmadre es bienvenido. Puede que por eso las latinas sean m\u00e1s liberales que chicas de otros pa\u00edses m\u00e1s fr\u00edos (pero ojo, que tambien hay muchas perlas).<\/p>\n","protected":false},"author":2,"featured_media":0,"comment_status":"closed","ping_status":"open","sticky":false,"template":"","format":"standard","meta":{"footnotes":""},"categories":[3,6],"tags":[54,78,53,17,200,29,34,102,27,16],"class_list":["post-386","post","type-post","status-publish","format-standard","hentry","category-jeans","category-videos","tag-chicas","tag-colas","tag-culazos","tag-culos","tag-jeans","tag-latinas","tag-morenas","tag-nalgas","tag-tejanos","tag-vaqueros"],"aioseo_notices":[],"_links":{"self":[{"href":"https:\/\/www.culos-jeans.com\/jeans\/wp-json\/wp\/v2\/posts\/386","targetHints":{"allow":["GET"]}}],"collection":[{"href":"https:\/\/www.culos-jeans.com\/jeans\/wp-json\/wp\/v2\/posts"}],"about":[{"href":"https:\/\/www.culos-jeans.com\/jeans\/wp-json\/wp\/v2\/types\/post"}],"author":[{"embeddable":true,"href":"https:\/\/www.culos-jeans.com\/jeans\/wp-json\/wp\/v2\/users\/2"}],"replies":[{"embeddable":true,"href":"https:\/\/www.culos-jeans.com\/jeans\/wp-json\/wp\/v2\/comments?post=386"}],"version-history":[{"count":0,"href":"https:\/\/www.culos-jeans.com\/jeans\/wp-json\/wp\/v2\/posts\/386\/revisions"}],"wp:attachment":[{"href":"https:\/\/www.culos-jeans.com\/jeans\/wp-json\/wp\/v2\/media?parent=386"}],"wp:term":[{"taxonomy":"category","embeddable":true,"href":"https:\/\/www.culos-jeans.com\/jeans\/wp-json\/wp\/v2\/categories?post=386"},{"taxonomy":"post_tag","embeddable":true,"href":"https:\/\/www.culos-jeans.com\/jeans\/wp-json\/wp\/v2\/tags?post=386"}],"curies":[{"name":"wp","href":"https:\/\/api.w.org\/{rel}","templated":true}]}}