{"id":586,"date":"2012-10-01T13:51:24","date_gmt":"2012-10-01T11:51:24","guid":{"rendered":"http:\/\/www.culos-jeans.com\/jeans\/?p=586"},"modified":"2012-01-25T13:56:52","modified_gmt":"2012-01-25T11:56:52","slug":"chica-jeans-retro","status":"publish","type":"post","link":"https:\/\/www.culos-jeans.com\/jeans\/2012\/10\/01\/chica-jeans-retro\/","title":{"rendered":"Chica Jeans Retro"},"content":{"rendered":"<p>Ariana es una chica que, aunque hayan impedimentos, ella sigue a lo suyo. Ese d\u00eda empez\u00f3 a levantarse viento, y no por eso Ariana dej\u00f3 de posar. Contin\u00faa con el deseo de ense\u00f1ar al mundo esas curvas y ese culazo tan resping\u00f3n. Su &#8216;look&#8217; retro con los Jeans ajustados es de lo m\u00e1s apropiado para la ocasi\u00f3n \u00a1Un diez para Ariana!<\/p>\n<p><a href=\"http:\/\/www.yoogirls.com\/affin.php?cid=chicas-en-jeans&#038;sid=862&#038;iid=43857\" target=\"_blank\"><img decoding=\"async\" src=\"http:\/\/www.yoogirls.com\/storefiles\/862\/clip_images\/jeanstease-ariana-02-fullhd.gif\"><\/a><\/p>\n<p><a href=\"http:\/\/www.yoogirls.com\/affin.php?cid=chicas-en-jeans&#038;sid=862&#038;iid=43857\" target=\"_blank\">Descargar el V\u00eddeo<\/a><\/p>\n","protected":false},"excerpt":{"rendered":"<p>Ariana es una chica que, aunque hayan impedimentos, ella sigue a lo suyo. Ese d\u00eda empez\u00f3 a levantarse viento, y no por eso Ariana dej\u00f3 de posar. Contin\u00faa con el deseo de ense\u00f1ar al mundo esas curvas y ese culazo tan resping\u00f3n. Su &#8216;look&#8217; retro con los Jeans ajustados es de lo m\u00e1s apropiado para [&hellip;]<\/p>\n","protected":false},"author":2,"featured_media":0,"comment_status":"closed","ping_status":"open","sticky":false,"template":"","format":"standard","meta":{"footnotes":""},"categories":[3,6],"tags":[143,161,96,42,200,181,27,127,16],"class_list":["post-586","post","type-post","status-publish","format-standard","hentry","category-jeans","category-videos","tag-ariana","tag-erotismo","tag-fetichismo","tag-fetish","tag-jeans","tag-retro","tag-tejanos","tag-the-jeans-net","tag-vaqueros"],"aioseo_notices":[],"_links":{"self":[{"href":"https:\/\/www.culos-jeans.com\/jeans\/wp-json\/wp\/v2\/posts\/586","targetHints":{"allow":["GET"]}}],"collection":[{"href":"https:\/\/www.culos-jeans.com\/jeans\/wp-json\/wp\/v2\/posts"}],"about":[{"href":"https:\/\/www.culos-jeans.com\/jeans\/wp-json\/wp\/v2\/types\/post"}],"author":[{"embeddable":true,"href":"https:\/\/www.culos-jeans.com\/jeans\/wp-json\/wp\/v2\/users\/2"}],"replies":[{"embeddable":true,"href":"https:\/\/www.culos-jeans.com\/jeans\/wp-json\/wp\/v2\/comments?post=586"}],"version-history":[{"count":0,"href":"https:\/\/www.culos-jeans.com\/jeans\/wp-json\/wp\/v2\/posts\/586\/revisions"}],"wp:attachment":[{"href":"https:\/\/www.culos-jeans.com\/jeans\/wp-json\/wp\/v2\/media?parent=586"}],"wp:term":[{"taxonomy":"category","embeddable":true,"href":"https:\/\/www.culos-jeans.com\/jeans\/wp-json\/wp\/v2\/categories?post=586"},{"taxonomy":"post_tag","embeddable":true,"href":"https:\/\/www.culos-jeans.com\/jeans\/wp-json\/wp\/v2\/tags?post=586"}],"curies":[{"name":"wp","href":"https:\/\/api.w.org\/{rel}","templated":true}]}}