{"id":951,"date":"2018-06-24T17:00:12","date_gmt":"2018-06-24T15:00:12","guid":{"rendered":"http:\/\/www.culos-jeans.com\/jeans\/?p=951"},"modified":"2017-07-19T18:22:21","modified_gmt":"2017-07-19T16:22:21","slug":"adora-su-culo-perfecto-en-tejanos-ajustados","status":"publish","type":"post","link":"https:\/\/www.culos-jeans.com\/jeans\/2018\/06\/24\/adora-su-culo-perfecto-en-tejanos-ajustados\/","title":{"rendered":"Adora su culo perfecto en tejanos ajustados"},"content":{"rendered":"<p><span style=\"font-weight: 400;\">Pocas chicas pueden decir que tienen un culo tan perfecto como el de Amanda Rey. Uno de sus m\u00e1s fieles fetichistas le ha comprado estos tejanos directamente de su wishlist y Ella no ha dudado en pon\u00e9rselos. <\/span><\/p>\n<p><a href=\"https:\/\/www.amanda-rey.com\/es\/tienda\/videos\/v\/adoraci-n-de-un-culo-perfecto-en-jeans\/\" target=\"_blank\"><img decoding=\"async\" src=\"https:\/\/www.amanda-rey.com\/data\/products_previews\/6a7c85dd2af88059199ab688e97e85d1.gif\" \/><\/a><\/p>\n<p><a href=\"https:\/\/www.amanda-rey.com\/es\/tienda\/videos\/v\/adoraci-n-de-un-culo-perfecto-en-jeans\/\" target=\"_blank\">Ver v\u00eddeo<\/a><\/p>\n","protected":false},"excerpt":{"rendered":"<p>Pocas chicas pueden decir que tienen un culo tan perfecto como el de Amanda Rey. Uno de sus m\u00e1s fieles fetichistas le ha comprado estos tejanos directamente de su wishlist y Ella no ha dudado en pon\u00e9rselos. Ver v\u00eddeo<\/p>\n","protected":false},"author":2,"featured_media":0,"comment_status":"closed","ping_status":"open","sticky":false,"template":"","format":"standard","meta":{"footnotes":""},"categories":[226,225,3],"tags":[198,17,83,251,57,200,214,103,27,16],"class_list":["post-951","post","type-post","status-publish","format-standard","hentry","category-culos","category-fetichismo","category-jeans","tag-amanda-rey","tag-culos","tag-dominacion-femenina","tag-dominacion-financiera","tag-humillacion","tag-jeans","tag-pagafantas","tag-sexy","tag-tejanos","tag-vaqueros"],"aioseo_notices":[],"_links":{"self":[{"href":"https:\/\/www.culos-jeans.com\/jeans\/wp-json\/wp\/v2\/posts\/951","targetHints":{"allow":["GET"]}}],"collection":[{"href":"https:\/\/www.culos-jeans.com\/jeans\/wp-json\/wp\/v2\/posts"}],"about":[{"href":"https:\/\/www.culos-jeans.com\/jeans\/wp-json\/wp\/v2\/types\/post"}],"author":[{"embeddable":true,"href":"https:\/\/www.culos-jeans.com\/jeans\/wp-json\/wp\/v2\/users\/2"}],"replies":[{"embeddable":true,"href":"https:\/\/www.culos-jeans.com\/jeans\/wp-json\/wp\/v2\/comments?post=951"}],"version-history":[{"count":1,"href":"https:\/\/www.culos-jeans.com\/jeans\/wp-json\/wp\/v2\/posts\/951\/revisions"}],"predecessor-version":[{"id":952,"href":"https:\/\/www.culos-jeans.com\/jeans\/wp-json\/wp\/v2\/posts\/951\/revisions\/952"}],"wp:attachment":[{"href":"https:\/\/www.culos-jeans.com\/jeans\/wp-json\/wp\/v2\/media?parent=951"}],"wp:term":[{"taxonomy":"category","embeddable":true,"href":"https:\/\/www.culos-jeans.com\/jeans\/wp-json\/wp\/v2\/categories?post=951"},{"taxonomy":"post_tag","embeddable":true,"href":"https:\/\/www.culos-jeans.com\/jeans\/wp-json\/wp\/v2\/tags?post=951"}],"curies":[{"name":"wp","href":"https:\/\/api.w.org\/{rel}","templated":true}]}}